{"id":38818,"date":"2021-07-02T13:18:41","date_gmt":"2021-07-02T20:18:41","guid":{"rendered":"https:\/\/x-cirasync.com\/?p=38818"},"modified":"2025-11-27T14:25:36","modified_gmt":"2025-11-27T21:25:36","slug":"sincronizar-los-colores-de-las-categorias-de-outlook","status":"publish","type":"post","link":"https:\/\/cirasync.com\/es\/soporte\/sincronizar-los-colores-de-las-categorias-de-outlook\/","title":{"rendered":"\u00bfExiste una forma de sincronizar los colores de las categor\u00edas desde mi calendario de Outlook?"},"content":{"rendered":"<p>CiraSync no puede sincronizar los colores de las categor\u00edas. Los colores de las categor\u00edas es una funci\u00f3n de Outlook solamente.<\/p>\n","protected":false},"excerpt":{"rendered":"<p>CiraSync no puede sincronizar los colores de las categor\u00edas. Los colores de las categor\u00edas es una funci\u00f3n de Outlook solamente.<\/p>\n","protected":false},"author":12,"featured_media":25921,"comment_status":"closed","ping_status":"closed","sticky":false,"template":"","format":"standard","meta":{"_et_pb_use_builder":"","_et_pb_old_content":"","_et_gb_content_width":"","_nextfly_llmd_date_locked":false,"footnotes":""},"categories":[10369,11013],"tags":[11014],"ppma_author":[13546],"class_list":["post-38818","post","type-post","status-publish","format-standard","has-post-thumbnail","hentry","category-soporte","category-sincronizar-calendario","tag-preguntas-frecuentes"],"yoast_head":"<!-- This site is optimized with the Yoast SEO Premium plugin v27.1 (Yoast SEO v27.4) - https:\/\/yoast.com\/product\/yoast-seo-premium-wordpress\/ -->\n<title>9-Step Guide to Microsoft 365 Contact Sync | CiraSync<\/title>\n<meta name=\"description\" content=\"Descubra si es posible sincronizar los colores de categor\u00edas desde su calendario de Outlook usando CiraSync para mantener una organizaci\u00f3n coherente.\" \/>\n<meta name=\"robots\" content=\"index, follow, max-snippet:-1, max-image-preview:large, max-video-preview:-1\" \/>\n<link rel=\"canonical\" href=\"https:\/\/cirasync.com\/es\/soporte\/sincronizar-los-colores-de-las-categorias-de-outlook\/\" \/>\n<meta property=\"og:locale\" content=\"es_ES\" \/>\n<meta property=\"og:type\" content=\"article\" \/>\n<meta property=\"og:title\" content=\"\u00bfExiste una forma de sincronizar los colores de las categor\u00edas desde mi calendario de Outlook?\" \/>\n<meta property=\"og:description\" content=\"Descubra si es posible sincronizar los colores de categor\u00edas desde su calendario de Outlook usando CiraSync para mantener una organizaci\u00f3n coherente.\" \/>\n<meta property=\"og:url\" content=\"https:\/\/cirasync.com\/es\/soporte\/sincronizar-los-colores-de-las-categorias-de-outlook\/\" \/>\n<meta property=\"og:site_name\" content=\"CiraSync\" \/>\n<meta property=\"article:publisher\" content=\"https:\/\/www.facebook.com\/CiraSync\/\" \/>\n<meta property=\"article:published_time\" content=\"2021-07-02T20:18:41+00:00\" \/>\n<meta property=\"article:modified_time\" content=\"2025-11-27T21:25:36+00:00\" \/>\n<meta property=\"og:image\" content=\"https:\/\/cirasync.com\/wp-content\/uploads\/2019\/08\/FAQ-featured-image.png\" \/>\n\t<meta property=\"og:image:width\" content=\"1200\" \/>\n\t<meta property=\"og:image:height\" content=\"630\" \/>\n\t<meta property=\"og:image:type\" content=\"image\/png\" \/>\n<meta name=\"author\" content=\"Ema Zulic\" \/>\n<meta name=\"twitter:card\" content=\"summary_large_image\" \/>\n<meta name=\"twitter:creator\" content=\"@CiraSync\" \/>\n<meta name=\"twitter:site\" content=\"@CiraSync\" \/>\n<meta name=\"twitter:label1\" content=\"Escrito por\" \/>\n\t<meta name=\"twitter:data1\" content=\"Ema Zulic\" \/>\n\t<meta name=\"twitter:label2\" content=\"Tiempo de lectura\" \/>\n\t<meta name=\"twitter:data2\" content=\"1 minuto\" \/>\n<script type=\"application\/ld+json\" class=\"yoast-schema-graph\">{\"@context\":\"https:\\\/\\\/schema.org\",\"@graph\":[{\"@type\":\"Article\",\"@id\":\"https:\\\/\\\/cirasync.com\\\/es\\\/soporte\\\/sincronizar-los-colores-de-las-categorias-de-outlook\\\/#article\",\"isPartOf\":{\"@id\":\"https:\\\/\\\/cirasync.com\\\/es\\\/soporte\\\/sincronizar-los-colores-de-las-categorias-de-outlook\\\/\"},\"author\":{\"name\":\"Ema Zulic\",\"@id\":\"https:\\\/\\\/cirasync.com\\\/es\\\/#\\\/schema\\\/person\\\/a179dfe101e83de2d1e79161e39e58d0\"},\"headline\":\"\u00bfExiste una forma de sincronizar los colores de las categor\u00edas desde mi calendario de Outlook?\",\"datePublished\":\"2021-07-02T20:18:41+00:00\",\"dateModified\":\"2025-11-27T21:25:36+00:00\",\"mainEntityOfPage\":{\"@id\":\"https:\\\/\\\/cirasync.com\\\/es\\\/soporte\\\/sincronizar-los-colores-de-las-categorias-de-outlook\\\/\"},\"wordCount\":39,\"publisher\":{\"@id\":\"https:\\\/\\\/cirasync.com\\\/es\\\/#organization\"},\"image\":{\"@id\":\"https:\\\/\\\/cirasync.com\\\/es\\\/soporte\\\/sincronizar-los-colores-de-las-categorias-de-outlook\\\/#primaryimage\"},\"thumbnailUrl\":\"https:\\\/\\\/cirasync.com\\\/wp-content\\\/uploads\\\/2019\\\/08\\\/FAQ-featured-image.png\",\"keywords\":[\"Preguntas frecuentes\"],\"articleSection\":[\"Art\u00edculos de soporte\",\"Sincronizar calendario\"],\"inLanguage\":\"es\"},{\"@type\":\"WebPage\",\"@id\":\"https:\\\/\\\/cirasync.com\\\/es\\\/soporte\\\/sincronizar-los-colores-de-las-categorias-de-outlook\\\/\",\"url\":\"https:\\\/\\\/cirasync.com\\\/es\\\/soporte\\\/sincronizar-los-colores-de-las-categorias-de-outlook\\\/\",\"name\":\"9-Step Guide to Microsoft 365 Contact Sync | CiraSync\",\"isPartOf\":{\"@id\":\"https:\\\/\\\/cirasync.com\\\/es\\\/#website\"},\"primaryImageOfPage\":{\"@id\":\"https:\\\/\\\/cirasync.com\\\/es\\\/soporte\\\/sincronizar-los-colores-de-las-categorias-de-outlook\\\/#primaryimage\"},\"image\":{\"@id\":\"https:\\\/\\\/cirasync.com\\\/es\\\/soporte\\\/sincronizar-los-colores-de-las-categorias-de-outlook\\\/#primaryimage\"},\"thumbnailUrl\":\"https:\\\/\\\/cirasync.com\\\/wp-content\\\/uploads\\\/2019\\\/08\\\/FAQ-featured-image.png\",\"datePublished\":\"2021-07-02T20:18:41+00:00\",\"dateModified\":\"2025-11-27T21:25:36+00:00\",\"description\":\"Descubra si es posible sincronizar los colores de categor\u00edas desde su calendario de Outlook usando CiraSync para mantener una organizaci\u00f3n coherente.\",\"breadcrumb\":{\"@id\":\"https:\\\/\\\/cirasync.com\\\/es\\\/soporte\\\/sincronizar-los-colores-de-las-categorias-de-outlook\\\/#breadcrumb\"},\"inLanguage\":\"es\",\"potentialAction\":[{\"@type\":\"ReadAction\",\"target\":[\"https:\\\/\\\/cirasync.com\\\/es\\\/soporte\\\/sincronizar-los-colores-de-las-categorias-de-outlook\\\/\"]}]},{\"@type\":\"ImageObject\",\"inLanguage\":\"es\",\"@id\":\"https:\\\/\\\/cirasync.com\\\/es\\\/soporte\\\/sincronizar-los-colores-de-las-categorias-de-outlook\\\/#primaryimage\",\"url\":\"https:\\\/\\\/cirasync.com\\\/wp-content\\\/uploads\\\/2019\\\/08\\\/FAQ-featured-image.png\",\"contentUrl\":\"https:\\\/\\\/cirasync.com\\\/wp-content\\\/uploads\\\/2019\\\/08\\\/FAQ-featured-image.png\",\"width\":1200,\"height\":630,\"caption\":\"FAQ-featured image\"},{\"@type\":\"BreadcrumbList\",\"@id\":\"https:\\\/\\\/cirasync.com\\\/es\\\/soporte\\\/sincronizar-los-colores-de-las-categorias-de-outlook\\\/#breadcrumb\",\"itemListElement\":[{\"@type\":\"ListItem\",\"position\":1,\"name\":\"Home\",\"item\":\"https:\\\/\\\/cirasync.com\\\/es\\\/\"},{\"@type\":\"ListItem\",\"position\":2,\"name\":\"\u00bfExiste una forma de sincronizar los colores de las categor\u00edas desde mi calendario de Outlook?\"}]},{\"@type\":\"WebSite\",\"@id\":\"https:\\\/\\\/cirasync.com\\\/es\\\/#website\",\"url\":\"https:\\\/\\\/cirasync.com\\\/es\\\/\",\"name\":\"CiraSync\",\"description\":\"Sync the Office 365 GAL, public folders and calendars to smartphones.\",\"publisher\":{\"@id\":\"https:\\\/\\\/cirasync.com\\\/es\\\/#organization\"},\"potentialAction\":[{\"@type\":\"SearchAction\",\"target\":{\"@type\":\"EntryPoint\",\"urlTemplate\":\"https:\\\/\\\/cirasync.com\\\/es\\\/?s={search_term_string}\"},\"query-input\":{\"@type\":\"PropertyValueSpecification\",\"valueRequired\":true,\"valueName\":\"search_term_string\"}}],\"inLanguage\":\"es\"},{\"@type\":\"Organization\",\"@id\":\"https:\\\/\\\/cirasync.com\\\/es\\\/#organization\",\"name\":\"CiraSync\",\"url\":\"https:\\\/\\\/cirasync.com\\\/es\\\/\",\"logo\":{\"@type\":\"ImageObject\",\"inLanguage\":\"es\",\"@id\":\"https:\\\/\\\/cirasync.com\\\/es\\\/#\\\/schema\\\/logo\\\/image\\\/\",\"url\":\"https:\\\/\\\/cirasync.com\\\/wp-content\\\/uploads\\\/2019\\\/07\\\/CiraSync-Logo-.png\",\"contentUrl\":\"https:\\\/\\\/cirasync.com\\\/wp-content\\\/uploads\\\/2019\\\/07\\\/CiraSync-Logo-.png\",\"width\":1200,\"height\":671,\"caption\":\"CiraSync\"},\"image\":{\"@id\":\"https:\\\/\\\/cirasync.com\\\/es\\\/#\\\/schema\\\/logo\\\/image\\\/\"},\"sameAs\":[\"https:\\\/\\\/www.facebook.com\\\/CiraSync\\\/\",\"https:\\\/\\\/x.com\\\/CiraSync\",\"https:\\\/\\\/www.linkedin.com\\\/company\\\/cira-apps-limited\",\"https:\\\/\\\/www.youtube.com\\\/channel\\\/UCdFkOfXlRAWRadzGit3jJZA\\\/videos\"],\"description\":\"CiraSync automatically syncs CRM, contact & calendar data from M365, Exchange & many CRMs to every smartphone.\",\"email\":\"support@cirasync.com\",\"telephone\":\"1 (202) 747 0888\",\"legalName\":\"CiraSync\"},{\"@type\":\"Person\",\"@id\":\"https:\\\/\\\/cirasync.com\\\/es\\\/#\\\/schema\\\/person\\\/a179dfe101e83de2d1e79161e39e58d0\",\"name\":\"Ema Zulic\",\"image\":{\"@type\":\"ImageObject\",\"inLanguage\":\"es\",\"@id\":\"https:\\\/\\\/cirasync.com\\\/wp-content\\\/uploads\\\/2026\\\/01\\\/Ema-Zulic.jpg6908e25f5b970f7afc565f7c922b5564\",\"url\":\"https:\\\/\\\/cirasync.com\\\/wp-content\\\/uploads\\\/2026\\\/01\\\/Ema-Zulic.jpg\",\"contentUrl\":\"https:\\\/\\\/cirasync.com\\\/wp-content\\\/uploads\\\/2026\\\/01\\\/Ema-Zulic.jpg\",\"caption\":\"Ema Zulic\"},\"description\":\"Ema Zulic is the Vice President of Product Management and Customer Support at Cira Apps Ltd, where she drives product strategy, customer experience, and global support operations. With over 10 years of SaaS support expertise and more than 20 years of overall customer support leadership, Ema is blending deep technical insight with a passion for building high\u2011performing, customer\u2011centric teams. Her work focuses on delivering intuitive products, refining support processes, and creating seamless experiences for enterprise organizations. Outside of her leadership role, Ema shares practical, real\u2011world guidance to help companies strengthen their support models, improve operational efficiency, and elevate the customer journey.\",\"url\":\"https:\\\/\\\/cirasync.com\\\/es\\\/author\\\/ema-zulic\\\/\"}]}<\/script>\n<!-- \/ Yoast SEO Premium plugin. -->","yoast_head_json":{"title":"9-Step Guide to Microsoft 365 Contact Sync | CiraSync","description":"Descubra si es posible sincronizar los colores de categor\u00edas desde su calendario de Outlook usando CiraSync para mantener una organizaci\u00f3n coherente.","robots":{"index":"index","follow":"follow","max-snippet":"max-snippet:-1","max-image-preview":"max-image-preview:large","max-video-preview":"max-video-preview:-1"},"canonical":"https:\/\/cirasync.com\/es\/soporte\/sincronizar-los-colores-de-las-categorias-de-outlook\/","og_locale":"es_ES","og_type":"article","og_title":"\u00bfExiste una forma de sincronizar los colores de las categor\u00edas desde mi calendario de Outlook?","og_description":"Descubra si es posible sincronizar los colores de categor\u00edas desde su calendario de Outlook usando CiraSync para mantener una organizaci\u00f3n coherente.","og_url":"https:\/\/cirasync.com\/es\/soporte\/sincronizar-los-colores-de-las-categorias-de-outlook\/","og_site_name":"CiraSync","article_publisher":"https:\/\/www.facebook.com\/CiraSync\/","article_published_time":"2021-07-02T20:18:41+00:00","article_modified_time":"2025-11-27T21:25:36+00:00","og_image":[{"width":1200,"height":630,"url":"https:\/\/cirasync.com\/wp-content\/uploads\/2019\/08\/FAQ-featured-image.png","type":"image\/png"}],"author":"Ema Zulic","twitter_card":"summary_large_image","twitter_creator":"@CiraSync","twitter_site":"@CiraSync","twitter_misc":{"Escrito por":"Ema Zulic","Tiempo de lectura":"1 minuto"},"schema":{"@context":"https:\/\/schema.org","@graph":[{"@type":"Article","@id":"https:\/\/cirasync.com\/es\/soporte\/sincronizar-los-colores-de-las-categorias-de-outlook\/#article","isPartOf":{"@id":"https:\/\/cirasync.com\/es\/soporte\/sincronizar-los-colores-de-las-categorias-de-outlook\/"},"author":{"name":"Ema Zulic","@id":"https:\/\/cirasync.com\/es\/#\/schema\/person\/a179dfe101e83de2d1e79161e39e58d0"},"headline":"\u00bfExiste una forma de sincronizar los colores de las categor\u00edas desde mi calendario de Outlook?","datePublished":"2021-07-02T20:18:41+00:00","dateModified":"2025-11-27T21:25:36+00:00","mainEntityOfPage":{"@id":"https:\/\/cirasync.com\/es\/soporte\/sincronizar-los-colores-de-las-categorias-de-outlook\/"},"wordCount":39,"publisher":{"@id":"https:\/\/cirasync.com\/es\/#organization"},"image":{"@id":"https:\/\/cirasync.com\/es\/soporte\/sincronizar-los-colores-de-las-categorias-de-outlook\/#primaryimage"},"thumbnailUrl":"https:\/\/cirasync.com\/wp-content\/uploads\/2019\/08\/FAQ-featured-image.png","keywords":["Preguntas frecuentes"],"articleSection":["Art\u00edculos de soporte","Sincronizar calendario"],"inLanguage":"es"},{"@type":"WebPage","@id":"https:\/\/cirasync.com\/es\/soporte\/sincronizar-los-colores-de-las-categorias-de-outlook\/","url":"https:\/\/cirasync.com\/es\/soporte\/sincronizar-los-colores-de-las-categorias-de-outlook\/","name":"9-Step Guide to Microsoft 365 Contact Sync | CiraSync","isPartOf":{"@id":"https:\/\/cirasync.com\/es\/#website"},"primaryImageOfPage":{"@id":"https:\/\/cirasync.com\/es\/soporte\/sincronizar-los-colores-de-las-categorias-de-outlook\/#primaryimage"},"image":{"@id":"https:\/\/cirasync.com\/es\/soporte\/sincronizar-los-colores-de-las-categorias-de-outlook\/#primaryimage"},"thumbnailUrl":"https:\/\/cirasync.com\/wp-content\/uploads\/2019\/08\/FAQ-featured-image.png","datePublished":"2021-07-02T20:18:41+00:00","dateModified":"2025-11-27T21:25:36+00:00","description":"Descubra si es posible sincronizar los colores de categor\u00edas desde su calendario de Outlook usando CiraSync para mantener una organizaci\u00f3n coherente.","breadcrumb":{"@id":"https:\/\/cirasync.com\/es\/soporte\/sincronizar-los-colores-de-las-categorias-de-outlook\/#breadcrumb"},"inLanguage":"es","potentialAction":[{"@type":"ReadAction","target":["https:\/\/cirasync.com\/es\/soporte\/sincronizar-los-colores-de-las-categorias-de-outlook\/"]}]},{"@type":"ImageObject","inLanguage":"es","@id":"https:\/\/cirasync.com\/es\/soporte\/sincronizar-los-colores-de-las-categorias-de-outlook\/#primaryimage","url":"https:\/\/cirasync.com\/wp-content\/uploads\/2019\/08\/FAQ-featured-image.png","contentUrl":"https:\/\/cirasync.com\/wp-content\/uploads\/2019\/08\/FAQ-featured-image.png","width":1200,"height":630,"caption":"FAQ-featured image"},{"@type":"BreadcrumbList","@id":"https:\/\/cirasync.com\/es\/soporte\/sincronizar-los-colores-de-las-categorias-de-outlook\/#breadcrumb","itemListElement":[{"@type":"ListItem","position":1,"name":"Home","item":"https:\/\/cirasync.com\/es\/"},{"@type":"ListItem","position":2,"name":"\u00bfExiste una forma de sincronizar los colores de las categor\u00edas desde mi calendario de Outlook?"}]},{"@type":"WebSite","@id":"https:\/\/cirasync.com\/es\/#website","url":"https:\/\/cirasync.com\/es\/","name":"CiraSync","description":"Sync the Office 365 GAL, public folders and calendars to smartphones.","publisher":{"@id":"https:\/\/cirasync.com\/es\/#organization"},"potentialAction":[{"@type":"SearchAction","target":{"@type":"EntryPoint","urlTemplate":"https:\/\/cirasync.com\/es\/?s={search_term_string}"},"query-input":{"@type":"PropertyValueSpecification","valueRequired":true,"valueName":"search_term_string"}}],"inLanguage":"es"},{"@type":"Organization","@id":"https:\/\/cirasync.com\/es\/#organization","name":"CiraSync","url":"https:\/\/cirasync.com\/es\/","logo":{"@type":"ImageObject","inLanguage":"es","@id":"https:\/\/cirasync.com\/es\/#\/schema\/logo\/image\/","url":"https:\/\/cirasync.com\/wp-content\/uploads\/2019\/07\/CiraSync-Logo-.png","contentUrl":"https:\/\/cirasync.com\/wp-content\/uploads\/2019\/07\/CiraSync-Logo-.png","width":1200,"height":671,"caption":"CiraSync"},"image":{"@id":"https:\/\/cirasync.com\/es\/#\/schema\/logo\/image\/"},"sameAs":["https:\/\/www.facebook.com\/CiraSync\/","https:\/\/x.com\/CiraSync","https:\/\/www.linkedin.com\/company\/cira-apps-limited","https:\/\/www.youtube.com\/channel\/UCdFkOfXlRAWRadzGit3jJZA\/videos"],"description":"CiraSync automatically syncs CRM, contact & calendar data from M365, Exchange & many CRMs to every smartphone.","email":"support@cirasync.com","telephone":"1 (202) 747 0888","legalName":"CiraSync"},{"@type":"Person","@id":"https:\/\/cirasync.com\/es\/#\/schema\/person\/a179dfe101e83de2d1e79161e39e58d0","name":"Ema Zulic","image":{"@type":"ImageObject","inLanguage":"es","@id":"https:\/\/cirasync.com\/wp-content\/uploads\/2026\/01\/Ema-Zulic.jpg6908e25f5b970f7afc565f7c922b5564","url":"https:\/\/cirasync.com\/wp-content\/uploads\/2026\/01\/Ema-Zulic.jpg","contentUrl":"https:\/\/cirasync.com\/wp-content\/uploads\/2026\/01\/Ema-Zulic.jpg","caption":"Ema Zulic"},"description":"Ema Zulic is the Vice President of Product Management and Customer Support at Cira Apps Ltd, where she drives product strategy, customer experience, and global support operations. With over 10 years of SaaS support expertise and more than 20 years of overall customer support leadership, Ema is blending deep technical insight with a passion for building high\u2011performing, customer\u2011centric teams. Her work focuses on delivering intuitive products, refining support processes, and creating seamless experiences for enterprise organizations. Outside of her leadership role, Ema shares practical, real\u2011world guidance to help companies strengthen their support models, improve operational efficiency, and elevate the customer journey.","url":"https:\/\/cirasync.com\/es\/author\/ema-zulic\/"}]}},"authors":[{"term_id":13546,"user_id":12,"is_guest":0,"slug":"ema-zulic","display_name":"Ema Zulic","avatar_url":{"url":"https:\/\/cirasync.com\/wp-content\/uploads\/2026\/01\/Ema-Zulic.jpg","url2x":"https:\/\/cirasync.com\/wp-content\/uploads\/2026\/01\/Ema-Zulic.jpg"},"0":null,"1":"","2":"","3":"","4":"","5":"","6":"","7":"","8":""}],"_links":{"self":[{"href":"https:\/\/cirasync.com\/es\/wp-json\/wp\/v2\/posts\/38818","targetHints":{"allow":["GET"]}}],"collection":[{"href":"https:\/\/cirasync.com\/es\/wp-json\/wp\/v2\/posts"}],"about":[{"href":"https:\/\/cirasync.com\/es\/wp-json\/wp\/v2\/types\/post"}],"author":[{"embeddable":true,"href":"https:\/\/cirasync.com\/es\/wp-json\/wp\/v2\/users\/12"}],"replies":[{"embeddable":true,"href":"https:\/\/cirasync.com\/es\/wp-json\/wp\/v2\/comments?post=38818"}],"version-history":[{"count":0,"href":"https:\/\/cirasync.com\/es\/wp-json\/wp\/v2\/posts\/38818\/revisions"}],"wp:featuredmedia":[{"embeddable":true,"href":"https:\/\/cirasync.com\/es\/wp-json\/wp\/v2\/media\/25921"}],"wp:attachment":[{"href":"https:\/\/cirasync.com\/es\/wp-json\/wp\/v2\/media?parent=38818"}],"wp:term":[{"taxonomy":"category","embeddable":true,"href":"https:\/\/cirasync.com\/es\/wp-json\/wp\/v2\/categories?post=38818"},{"taxonomy":"post_tag","embeddable":true,"href":"https:\/\/cirasync.com\/es\/wp-json\/wp\/v2\/tags?post=38818"},{"taxonomy":"author","embeddable":true,"href":"https:\/\/cirasync.com\/es\/wp-json\/wp\/v2\/ppma_author?post=38818"}],"curies":[{"name":"wp","href":"https:\/\/api.w.org\/{rel}","templated":true}]}}