{"id":29722,"date":"2020-09-06T05:35:10","date_gmt":"2020-09-06T12:35:10","guid":{"rendered":"https:\/\/ciraapps.com\/?p=29722"},"modified":"2026-03-13T20:30:12","modified_gmt":"2026-03-14T03:30:12","slug":"how-to-create-share-public-folder-calendars-outlook","status":"publish","type":"post","link":"https:\/\/cirasync.com\/fr\/videos-fr\/how-to-create-share-public-folder-calendars-outlook\/","title":{"rendered":"Comment cr\u00e9er et partager des calendriers de dossiers publics avec Outlook"},"content":{"rendered":"<p>[et_pb_section fb_built=\u00a0\u00bb1&Prime; theme_builder_area=\u00a0\u00bbpost_content\u00a0\u00bb _builder_version=\u00a0\u00bb4.27.6&Prime; _module_preset=\u00a0\u00bbdefault\u00a0\u00bb][\/et_pb_section]<\/p>\n","protected":false},"excerpt":{"rendered":"","protected":false},"author":12,"featured_media":20128,"comment_status":"closed","ping_status":"closed","sticky":false,"template":"","format":"standard","meta":{"_et_pb_use_builder":"on","_et_pb_old_content":"","_et_gb_content_width":"","_nextfly_llmd_date_locked":false,"footnotes":""},"categories":[12185,12184],"tags":[],"ppma_author":[13546],"class_list":["post-29722","post","type-post","status-publish","format-standard","has-post-thumbnail","hentry","category-meilleurs-pratiques","category-videos-fr"],"yoast_head":"<!-- This site is optimized with the Yoast SEO Premium plugin v27.1 (Yoast SEO v27.4) - https:\/\/yoast.com\/product\/yoast-seo-premium-wordpress\/ -->\n<title>Cr\u00e9er Et Partager Calendriers De Dossiers Publics Outlook<\/title>\n<meta name=\"description\" content=\"Synchronisez calendriers partag\u00e9s Office 365 sur tous les smartphones. Compatible avec tous les calendriers de bo\u00eetes aux lettres.\" \/>\n<meta name=\"robots\" content=\"index, follow, max-snippet:-1, max-image-preview:large, max-video-preview:-1\" \/>\n<link rel=\"canonical\" href=\"https:\/\/cirasync.com\/fr\/videos-fr\/how-to-create-share-public-folder-calendars-outlook\/\" \/>\n<meta property=\"og:locale\" content=\"fr_FR\" \/>\n<meta property=\"og:type\" content=\"article\" \/>\n<meta property=\"og:title\" content=\"Comment cr\u00e9er et partager des calendriers de dossiers publics avec Outlook\" \/>\n<meta property=\"og:description\" content=\"Synchronisez calendriers partag\u00e9s Office 365 sur tous les smartphones. Compatible avec tous les calendriers de bo\u00eetes aux lettres.\" \/>\n<meta property=\"og:url\" content=\"https:\/\/cirasync.com\/fr\/videos-fr\/how-to-create-share-public-folder-calendars-outlook\/\" \/>\n<meta property=\"og:site_name\" content=\"CiraSync\" \/>\n<meta property=\"article:publisher\" content=\"https:\/\/www.facebook.com\/CiraSync\/\" \/>\n<meta property=\"article:published_time\" content=\"2020-09-06T12:35:10+00:00\" \/>\n<meta property=\"article:modified_time\" content=\"2026-03-14T03:30:12+00:00\" \/>\n<meta property=\"og:image\" content=\"https:\/\/cirasync.com\/wp-content\/uploads\/2020\/02\/HowTo-PF-Calendars-WEB.jpg\" \/>\n\t<meta property=\"og:image:width\" content=\"1200\" \/>\n\t<meta property=\"og:image:height\" content=\"630\" \/>\n\t<meta property=\"og:image:type\" content=\"image\/jpeg\" \/>\n<meta name=\"author\" content=\"Ema Zulic\" \/>\n<meta name=\"twitter:card\" content=\"summary_large_image\" \/>\n<meta name=\"twitter:creator\" content=\"@CiraSync\" \/>\n<meta name=\"twitter:site\" content=\"@CiraSync\" \/>\n<meta name=\"twitter:label1\" content=\"\u00c9crit par\" \/>\n\t<meta name=\"twitter:data1\" content=\"Ema Zulic\" \/>\n\t<meta name=\"twitter:label2\" content=\"Dur\u00e9e de lecture estim\u00e9e\" \/>\n\t<meta name=\"twitter:data2\" content=\"1 minute\" \/>\n<script type=\"application\/ld+json\" class=\"yoast-schema-graph\">{\"@context\":\"https:\\\/\\\/schema.org\",\"@graph\":[{\"@type\":\"Article\",\"@id\":\"https:\\\/\\\/cirasync.com\\\/fr\\\/videos-fr\\\/how-to-create-share-public-folder-calendars-outlook\\\/#article\",\"isPartOf\":{\"@id\":\"https:\\\/\\\/cirasync.com\\\/fr\\\/videos-fr\\\/how-to-create-share-public-folder-calendars-outlook\\\/\"},\"author\":{\"name\":\"Ema Zulic\",\"@id\":\"https:\\\/\\\/cirasync.com\\\/fr\\\/#\\\/schema\\\/person\\\/a179dfe101e83de2d1e79161e39e58d0\"},\"headline\":\"Comment cr\u00e9er et partager des calendriers de dossiers publics avec Outlook\",\"datePublished\":\"2020-09-06T12:35:10+00:00\",\"dateModified\":\"2026-03-14T03:30:12+00:00\",\"mainEntityOfPage\":{\"@id\":\"https:\\\/\\\/cirasync.com\\\/fr\\\/videos-fr\\\/how-to-create-share-public-folder-calendars-outlook\\\/\"},\"wordCount\":30,\"publisher\":{\"@id\":\"https:\\\/\\\/cirasync.com\\\/fr\\\/#organization\"},\"image\":{\"@id\":\"https:\\\/\\\/cirasync.com\\\/fr\\\/videos-fr\\\/how-to-create-share-public-folder-calendars-outlook\\\/#primaryimage\"},\"thumbnailUrl\":\"https:\\\/\\\/cirasync.com\\\/wp-content\\\/uploads\\\/2020\\\/02\\\/HowTo-PF-Calendars-WEB.jpg\",\"articleSection\":[\"Meilleurs pratiques\",\"Vid\u00e9os\"],\"inLanguage\":\"fr-FR\"},{\"@type\":\"WebPage\",\"@id\":\"https:\\\/\\\/cirasync.com\\\/fr\\\/videos-fr\\\/how-to-create-share-public-folder-calendars-outlook\\\/\",\"url\":\"https:\\\/\\\/cirasync.com\\\/fr\\\/videos-fr\\\/how-to-create-share-public-folder-calendars-outlook\\\/\",\"name\":\"Cr\u00e9er Et Partager Calendriers De Dossiers Publics Outlook\",\"isPartOf\":{\"@id\":\"https:\\\/\\\/cirasync.com\\\/fr\\\/#website\"},\"primaryImageOfPage\":{\"@id\":\"https:\\\/\\\/cirasync.com\\\/fr\\\/videos-fr\\\/how-to-create-share-public-folder-calendars-outlook\\\/#primaryimage\"},\"image\":{\"@id\":\"https:\\\/\\\/cirasync.com\\\/fr\\\/videos-fr\\\/how-to-create-share-public-folder-calendars-outlook\\\/#primaryimage\"},\"thumbnailUrl\":\"https:\\\/\\\/cirasync.com\\\/wp-content\\\/uploads\\\/2020\\\/02\\\/HowTo-PF-Calendars-WEB.jpg\",\"datePublished\":\"2020-09-06T12:35:10+00:00\",\"dateModified\":\"2026-03-14T03:30:12+00:00\",\"description\":\"Synchronisez calendriers partag\u00e9s Office 365 sur tous les smartphones. Compatible avec tous les calendriers de bo\u00eetes aux lettres.\",\"breadcrumb\":{\"@id\":\"https:\\\/\\\/cirasync.com\\\/fr\\\/videos-fr\\\/how-to-create-share-public-folder-calendars-outlook\\\/#breadcrumb\"},\"inLanguage\":\"fr-FR\",\"potentialAction\":[{\"@type\":\"ReadAction\",\"target\":[\"https:\\\/\\\/cirasync.com\\\/fr\\\/videos-fr\\\/how-to-create-share-public-folder-calendars-outlook\\\/\"]}]},{\"@type\":\"ImageObject\",\"inLanguage\":\"fr-FR\",\"@id\":\"https:\\\/\\\/cirasync.com\\\/fr\\\/videos-fr\\\/how-to-create-share-public-folder-calendars-outlook\\\/#primaryimage\",\"url\":\"https:\\\/\\\/cirasync.com\\\/wp-content\\\/uploads\\\/2020\\\/02\\\/HowTo-PF-Calendars-WEB.jpg\",\"contentUrl\":\"https:\\\/\\\/cirasync.com\\\/wp-content\\\/uploads\\\/2020\\\/02\\\/HowTo-PF-Calendars-WEB.jpg\",\"width\":1200,\"height\":630,\"caption\":\"Calendriers dossiers publics Outlook\"},{\"@type\":\"BreadcrumbList\",\"@id\":\"https:\\\/\\\/cirasync.com\\\/fr\\\/videos-fr\\\/how-to-create-share-public-folder-calendars-outlook\\\/#breadcrumb\",\"itemListElement\":[{\"@type\":\"ListItem\",\"position\":1,\"name\":\"Home\",\"item\":\"https:\\\/\\\/cirasync.com\\\/fr\\\/\"},{\"@type\":\"ListItem\",\"position\":2,\"name\":\"Comment cr\u00e9er et partager des calendriers de dossiers publics avec Outlook\"}]},{\"@type\":\"WebSite\",\"@id\":\"https:\\\/\\\/cirasync.com\\\/fr\\\/#website\",\"url\":\"https:\\\/\\\/cirasync.com\\\/fr\\\/\",\"name\":\"CiraSync\",\"description\":\"Sync the Office 365 GAL, public folders and calendars to smartphones.\",\"publisher\":{\"@id\":\"https:\\\/\\\/cirasync.com\\\/fr\\\/#organization\"},\"potentialAction\":[{\"@type\":\"SearchAction\",\"target\":{\"@type\":\"EntryPoint\",\"urlTemplate\":\"https:\\\/\\\/cirasync.com\\\/fr\\\/?s={search_term_string}\"},\"query-input\":{\"@type\":\"PropertyValueSpecification\",\"valueRequired\":true,\"valueName\":\"search_term_string\"}}],\"inLanguage\":\"fr-FR\"},{\"@type\":\"Organization\",\"@id\":\"https:\\\/\\\/cirasync.com\\\/fr\\\/#organization\",\"name\":\"CiraSync\",\"url\":\"https:\\\/\\\/cirasync.com\\\/fr\\\/\",\"logo\":{\"@type\":\"ImageObject\",\"inLanguage\":\"fr-FR\",\"@id\":\"https:\\\/\\\/cirasync.com\\\/fr\\\/#\\\/schema\\\/logo\\\/image\\\/\",\"url\":\"https:\\\/\\\/cirasync.com\\\/wp-content\\\/uploads\\\/2019\\\/07\\\/CiraSync-Logo-.png\",\"contentUrl\":\"https:\\\/\\\/cirasync.com\\\/wp-content\\\/uploads\\\/2019\\\/07\\\/CiraSync-Logo-.png\",\"width\":1200,\"height\":671,\"caption\":\"CiraSync\"},\"image\":{\"@id\":\"https:\\\/\\\/cirasync.com\\\/fr\\\/#\\\/schema\\\/logo\\\/image\\\/\"},\"sameAs\":[\"https:\\\/\\\/www.facebook.com\\\/CiraSync\\\/\",\"https:\\\/\\\/x.com\\\/CiraSync\",\"https:\\\/\\\/www.linkedin.com\\\/company\\\/cira-apps-limited\",\"https:\\\/\\\/www.youtube.com\\\/channel\\\/UCdFkOfXlRAWRadzGit3jJZA\\\/videos\"],\"description\":\"CiraSync automatically syncs CRM, contact & calendar data from M365, Exchange & many CRMs to every smartphone.\",\"email\":\"support@cirasync.com\",\"telephone\":\"1 (202) 747 0888\",\"legalName\":\"CiraSync\"},{\"@type\":\"Person\",\"@id\":\"https:\\\/\\\/cirasync.com\\\/fr\\\/#\\\/schema\\\/person\\\/a179dfe101e83de2d1e79161e39e58d0\",\"name\":\"Ema Zulic\",\"image\":{\"@type\":\"ImageObject\",\"inLanguage\":\"fr-FR\",\"@id\":\"https:\\\/\\\/cirasync.com\\\/wp-content\\\/uploads\\\/2026\\\/01\\\/Ema-Zulic.jpg6908e25f5b970f7afc565f7c922b5564\",\"url\":\"https:\\\/\\\/cirasync.com\\\/wp-content\\\/uploads\\\/2026\\\/01\\\/Ema-Zulic.jpg\",\"contentUrl\":\"https:\\\/\\\/cirasync.com\\\/wp-content\\\/uploads\\\/2026\\\/01\\\/Ema-Zulic.jpg\",\"caption\":\"Ema Zulic\"},\"description\":\"Ema Zulic is the Vice President of Product Management and Customer Support at Cira Apps Ltd, where she drives product strategy, customer experience, and global support operations. With over 10 years of SaaS support expertise and more than 20 years of overall customer support leadership, Ema is blending deep technical insight with a passion for building high\u2011performing, customer\u2011centric teams. Her work focuses on delivering intuitive products, refining support processes, and creating seamless experiences for enterprise organizations. Outside of her leadership role, Ema shares practical, real\u2011world guidance to help companies strengthen their support models, improve operational efficiency, and elevate the customer journey.\",\"url\":\"https:\\\/\\\/cirasync.com\\\/fr\\\/author\\\/ema-zulic\\\/\"}]}<\/script>\n<!-- \/ Yoast SEO Premium plugin. -->","yoast_head_json":{"title":"Cr\u00e9er Et Partager Calendriers De Dossiers Publics Outlook","description":"Synchronisez calendriers partag\u00e9s Office 365 sur tous les smartphones. Compatible avec tous les calendriers de bo\u00eetes aux lettres.","robots":{"index":"index","follow":"follow","max-snippet":"max-snippet:-1","max-image-preview":"max-image-preview:large","max-video-preview":"max-video-preview:-1"},"canonical":"https:\/\/cirasync.com\/fr\/videos-fr\/how-to-create-share-public-folder-calendars-outlook\/","og_locale":"fr_FR","og_type":"article","og_title":"Comment cr\u00e9er et partager des calendriers de dossiers publics avec Outlook","og_description":"Synchronisez calendriers partag\u00e9s Office 365 sur tous les smartphones. Compatible avec tous les calendriers de bo\u00eetes aux lettres.","og_url":"https:\/\/cirasync.com\/fr\/videos-fr\/how-to-create-share-public-folder-calendars-outlook\/","og_site_name":"CiraSync","article_publisher":"https:\/\/www.facebook.com\/CiraSync\/","article_published_time":"2020-09-06T12:35:10+00:00","article_modified_time":"2026-03-14T03:30:12+00:00","og_image":[{"width":1200,"height":630,"url":"https:\/\/cirasync.com\/wp-content\/uploads\/2020\/02\/HowTo-PF-Calendars-WEB.jpg","type":"image\/jpeg"}],"author":"Ema Zulic","twitter_card":"summary_large_image","twitter_creator":"@CiraSync","twitter_site":"@CiraSync","twitter_misc":{"\u00c9crit par":"Ema Zulic","Dur\u00e9e de lecture estim\u00e9e":"1 minute"},"schema":{"@context":"https:\/\/schema.org","@graph":[{"@type":"Article","@id":"https:\/\/cirasync.com\/fr\/videos-fr\/how-to-create-share-public-folder-calendars-outlook\/#article","isPartOf":{"@id":"https:\/\/cirasync.com\/fr\/videos-fr\/how-to-create-share-public-folder-calendars-outlook\/"},"author":{"name":"Ema Zulic","@id":"https:\/\/cirasync.com\/fr\/#\/schema\/person\/a179dfe101e83de2d1e79161e39e58d0"},"headline":"Comment cr\u00e9er et partager des calendriers de dossiers publics avec Outlook","datePublished":"2020-09-06T12:35:10+00:00","dateModified":"2026-03-14T03:30:12+00:00","mainEntityOfPage":{"@id":"https:\/\/cirasync.com\/fr\/videos-fr\/how-to-create-share-public-folder-calendars-outlook\/"},"wordCount":30,"publisher":{"@id":"https:\/\/cirasync.com\/fr\/#organization"},"image":{"@id":"https:\/\/cirasync.com\/fr\/videos-fr\/how-to-create-share-public-folder-calendars-outlook\/#primaryimage"},"thumbnailUrl":"https:\/\/cirasync.com\/wp-content\/uploads\/2020\/02\/HowTo-PF-Calendars-WEB.jpg","articleSection":["Meilleurs pratiques","Vid\u00e9os"],"inLanguage":"fr-FR"},{"@type":"WebPage","@id":"https:\/\/cirasync.com\/fr\/videos-fr\/how-to-create-share-public-folder-calendars-outlook\/","url":"https:\/\/cirasync.com\/fr\/videos-fr\/how-to-create-share-public-folder-calendars-outlook\/","name":"Cr\u00e9er Et Partager Calendriers De Dossiers Publics Outlook","isPartOf":{"@id":"https:\/\/cirasync.com\/fr\/#website"},"primaryImageOfPage":{"@id":"https:\/\/cirasync.com\/fr\/videos-fr\/how-to-create-share-public-folder-calendars-outlook\/#primaryimage"},"image":{"@id":"https:\/\/cirasync.com\/fr\/videos-fr\/how-to-create-share-public-folder-calendars-outlook\/#primaryimage"},"thumbnailUrl":"https:\/\/cirasync.com\/wp-content\/uploads\/2020\/02\/HowTo-PF-Calendars-WEB.jpg","datePublished":"2020-09-06T12:35:10+00:00","dateModified":"2026-03-14T03:30:12+00:00","description":"Synchronisez calendriers partag\u00e9s Office 365 sur tous les smartphones. Compatible avec tous les calendriers de bo\u00eetes aux lettres.","breadcrumb":{"@id":"https:\/\/cirasync.com\/fr\/videos-fr\/how-to-create-share-public-folder-calendars-outlook\/#breadcrumb"},"inLanguage":"fr-FR","potentialAction":[{"@type":"ReadAction","target":["https:\/\/cirasync.com\/fr\/videos-fr\/how-to-create-share-public-folder-calendars-outlook\/"]}]},{"@type":"ImageObject","inLanguage":"fr-FR","@id":"https:\/\/cirasync.com\/fr\/videos-fr\/how-to-create-share-public-folder-calendars-outlook\/#primaryimage","url":"https:\/\/cirasync.com\/wp-content\/uploads\/2020\/02\/HowTo-PF-Calendars-WEB.jpg","contentUrl":"https:\/\/cirasync.com\/wp-content\/uploads\/2020\/02\/HowTo-PF-Calendars-WEB.jpg","width":1200,"height":630,"caption":"Calendriers dossiers publics Outlook"},{"@type":"BreadcrumbList","@id":"https:\/\/cirasync.com\/fr\/videos-fr\/how-to-create-share-public-folder-calendars-outlook\/#breadcrumb","itemListElement":[{"@type":"ListItem","position":1,"name":"Home","item":"https:\/\/cirasync.com\/fr\/"},{"@type":"ListItem","position":2,"name":"Comment cr\u00e9er et partager des calendriers de dossiers publics avec Outlook"}]},{"@type":"WebSite","@id":"https:\/\/cirasync.com\/fr\/#website","url":"https:\/\/cirasync.com\/fr\/","name":"CiraSync","description":"Sync the Office 365 GAL, public folders and calendars to smartphones.","publisher":{"@id":"https:\/\/cirasync.com\/fr\/#organization"},"potentialAction":[{"@type":"SearchAction","target":{"@type":"EntryPoint","urlTemplate":"https:\/\/cirasync.com\/fr\/?s={search_term_string}"},"query-input":{"@type":"PropertyValueSpecification","valueRequired":true,"valueName":"search_term_string"}}],"inLanguage":"fr-FR"},{"@type":"Organization","@id":"https:\/\/cirasync.com\/fr\/#organization","name":"CiraSync","url":"https:\/\/cirasync.com\/fr\/","logo":{"@type":"ImageObject","inLanguage":"fr-FR","@id":"https:\/\/cirasync.com\/fr\/#\/schema\/logo\/image\/","url":"https:\/\/cirasync.com\/wp-content\/uploads\/2019\/07\/CiraSync-Logo-.png","contentUrl":"https:\/\/cirasync.com\/wp-content\/uploads\/2019\/07\/CiraSync-Logo-.png","width":1200,"height":671,"caption":"CiraSync"},"image":{"@id":"https:\/\/cirasync.com\/fr\/#\/schema\/logo\/image\/"},"sameAs":["https:\/\/www.facebook.com\/CiraSync\/","https:\/\/x.com\/CiraSync","https:\/\/www.linkedin.com\/company\/cira-apps-limited","https:\/\/www.youtube.com\/channel\/UCdFkOfXlRAWRadzGit3jJZA\/videos"],"description":"CiraSync automatically syncs CRM, contact & calendar data from M365, Exchange & many CRMs to every smartphone.","email":"support@cirasync.com","telephone":"1 (202) 747 0888","legalName":"CiraSync"},{"@type":"Person","@id":"https:\/\/cirasync.com\/fr\/#\/schema\/person\/a179dfe101e83de2d1e79161e39e58d0","name":"Ema Zulic","image":{"@type":"ImageObject","inLanguage":"fr-FR","@id":"https:\/\/cirasync.com\/wp-content\/uploads\/2026\/01\/Ema-Zulic.jpg6908e25f5b970f7afc565f7c922b5564","url":"https:\/\/cirasync.com\/wp-content\/uploads\/2026\/01\/Ema-Zulic.jpg","contentUrl":"https:\/\/cirasync.com\/wp-content\/uploads\/2026\/01\/Ema-Zulic.jpg","caption":"Ema Zulic"},"description":"Ema Zulic is the Vice President of Product Management and Customer Support at Cira Apps Ltd, where she drives product strategy, customer experience, and global support operations. With over 10 years of SaaS support expertise and more than 20 years of overall customer support leadership, Ema is blending deep technical insight with a passion for building high\u2011performing, customer\u2011centric teams. Her work focuses on delivering intuitive products, refining support processes, and creating seamless experiences for enterprise organizations. Outside of her leadership role, Ema shares practical, real\u2011world guidance to help companies strengthen their support models, improve operational efficiency, and elevate the customer journey.","url":"https:\/\/cirasync.com\/fr\/author\/ema-zulic\/"}]}},"authors":[{"term_id":13546,"user_id":12,"is_guest":0,"slug":"ema-zulic","display_name":"Ema Zulic","avatar_url":{"url":"https:\/\/cirasync.com\/wp-content\/uploads\/2026\/01\/Ema-Zulic.jpg","url2x":"https:\/\/cirasync.com\/wp-content\/uploads\/2026\/01\/Ema-Zulic.jpg"},"0":null,"1":"","2":"","3":"","4":"","5":"","6":"","7":"","8":""}],"_links":{"self":[{"href":"https:\/\/cirasync.com\/fr\/wp-json\/wp\/v2\/posts\/29722","targetHints":{"allow":["GET"]}}],"collection":[{"href":"https:\/\/cirasync.com\/fr\/wp-json\/wp\/v2\/posts"}],"about":[{"href":"https:\/\/cirasync.com\/fr\/wp-json\/wp\/v2\/types\/post"}],"author":[{"embeddable":true,"href":"https:\/\/cirasync.com\/fr\/wp-json\/wp\/v2\/users\/12"}],"replies":[{"embeddable":true,"href":"https:\/\/cirasync.com\/fr\/wp-json\/wp\/v2\/comments?post=29722"}],"version-history":[{"count":0,"href":"https:\/\/cirasync.com\/fr\/wp-json\/wp\/v2\/posts\/29722\/revisions"}],"wp:featuredmedia":[{"embeddable":true,"href":"https:\/\/cirasync.com\/fr\/wp-json\/wp\/v2\/media\/20128"}],"wp:attachment":[{"href":"https:\/\/cirasync.com\/fr\/wp-json\/wp\/v2\/media?parent=29722"}],"wp:term":[{"taxonomy":"category","embeddable":true,"href":"https:\/\/cirasync.com\/fr\/wp-json\/wp\/v2\/categories?post=29722"},{"taxonomy":"post_tag","embeddable":true,"href":"https:\/\/cirasync.com\/fr\/wp-json\/wp\/v2\/tags?post=29722"},{"taxonomy":"author","embeddable":true,"href":"https:\/\/cirasync.com\/fr\/wp-json\/wp\/v2\/ppma_author?post=29722"}],"curies":[{"name":"wp","href":"https:\/\/api.w.org\/{rel}","templated":true}]}}