{"id":36404,"date":"2021-01-01T09:30:06","date_gmt":"2021-01-01T16:30:06","guid":{"rendered":"https:\/\/ciraapps.com\/?p=36404"},"modified":"2026-01-16T12:12:15","modified_gmt":"2026-01-16T19:12:15","slug":"contact-photo-not-syncing","status":"publish","type":"post","link":"https:\/\/cirasync.com\/fr\/articles-dassistance\/contact-photo-not-syncing\/","title":{"rendered":"Les photos de contact ne se synchronisent pas avec mon t\u00e9l\u00e9phone. Que devrais-je faire?"},"content":{"rendered":"<p>Si vous \u00eates un client utilisant CiraSync Personal Edition, veuillez noter que Personal Edition est une version \u00e0 capacit\u00e9 limit\u00e9e de Enterprise Edition. Personal Edition n&rsquo;inclut pas la synchronisation des photos de contact. Si vous \u00eates int\u00e9ress\u00e9 par CiraSync Enterprise Edition, n&rsquo;h\u00e9sitez pas \u00e0 <a href=\"http:\/\/cirasync.com\/contact-us\/\">nous contactez<\/a>.<\/p>\n<p>Si vous utilisez CiraSync Enterprise Edition, il se peut que le probl\u00e8me provienne d&rsquo;Azure Active Directory. Veuillez d\u00e9sactiver le connecteur Exchange natif (Native Exchange Connector) de votre t\u00e9l\u00e9phone, puis l&rsquo;activer apr\u00e8s 30 \u00e0 40 minutes. soumettre une demande d&rsquo;assistance <a href=\"https:\/\/cirasync.com\/fr\/support-request\/\">soumettre une demande d&rsquo;assistance<\/a>.<\/p>\n","protected":false},"excerpt":{"rendered":"<p>Si vous \u00eates un client utilisant CiraSync Personal Edition, veuillez noter que Personal Edition est une version \u00e0 capacit\u00e9 limit\u00e9e de Enterprise Edition. Personal Edition n&rsquo;inclut pas la synchronisation des photos de contact. Si vous \u00eates int\u00e9ress\u00e9 par CiraSync Enterprise Edition, n&rsquo;h\u00e9sitez pas \u00e0 nous contactez. Si vous utilisez CiraSync Enterprise Edition, il se peut [&hellip;]<\/p>\n","protected":false},"author":12,"featured_media":29658,"comment_status":"closed","ping_status":"closed","sticky":false,"template":"","format":"standard","meta":{"_et_pb_use_builder":"","_et_pb_old_content":"","_et_gb_content_width":"","_nextfly_llmd_date_locked":false,"footnotes":""},"categories":[11084,12177],"tags":[12238],"ppma_author":[13546],"class_list":["post-36404","post","type-post","status-publish","format-standard","has-post-thumbnail","hentry","category-articles-dassistance","category-synchronisation-des-contacts","tag-faq-fr"],"yoast_head":"<!-- This site is optimized with the Yoast SEO Premium plugin v27.1 (Yoast SEO v27.4) - https:\/\/yoast.com\/product\/yoast-seo-premium-wordpress\/ -->\n<title>Les Photos de Contact ne Sync Pas avec T\u00e9l\u00e9phone | CiraSync<\/title>\n<meta name=\"description\" content=\"Photo de contact non synchronis\u00e9e : causes fr\u00e9quentes et \u00e9tapes de d\u00e9pannage Cirasync pour corriger la synchro.\" \/>\n<meta name=\"robots\" content=\"index, follow, max-snippet:-1, max-image-preview:large, max-video-preview:-1\" \/>\n<link rel=\"canonical\" href=\"https:\/\/cirasync.com\/fr\/articles-dassistance\/contact-photo-not-syncing\/\" \/>\n<meta property=\"og:locale\" content=\"fr_FR\" \/>\n<meta property=\"og:type\" content=\"article\" \/>\n<meta property=\"og:title\" content=\"Les photos de contact ne se synchronisent pas avec mon t\u00e9l\u00e9phone. Que devrais-je faire?\" \/>\n<meta property=\"og:description\" content=\"Photo de contact non synchronis\u00e9e : causes fr\u00e9quentes et \u00e9tapes de d\u00e9pannage Cirasync pour corriger la synchro.\" \/>\n<meta property=\"og:url\" content=\"https:\/\/cirasync.com\/fr\/articles-dassistance\/contact-photo-not-syncing\/\" \/>\n<meta property=\"og:site_name\" content=\"CiraSync\" \/>\n<meta property=\"article:publisher\" content=\"https:\/\/www.facebook.com\/CiraSync\/\" \/>\n<meta property=\"article:published_time\" content=\"2021-01-01T16:30:06+00:00\" \/>\n<meta property=\"article:modified_time\" content=\"2026-01-16T19:12:15+00:00\" \/>\n<meta property=\"og:image\" content=\"https:\/\/cirasync.com\/wp-content\/uploads\/2019\/08\/FAQ-featured-image.png\" \/>\n\t<meta property=\"og:image:width\" content=\"1200\" \/>\n\t<meta property=\"og:image:height\" content=\"630\" \/>\n\t<meta property=\"og:image:type\" content=\"image\/png\" \/>\n<meta name=\"author\" content=\"Ema Zulic\" \/>\n<meta name=\"twitter:card\" content=\"summary_large_image\" \/>\n<meta name=\"twitter:creator\" content=\"@CiraSync\" \/>\n<meta name=\"twitter:site\" content=\"@CiraSync\" \/>\n<meta name=\"twitter:label1\" content=\"\u00c9crit par\" \/>\n\t<meta name=\"twitter:data1\" content=\"Ema Zulic\" \/>\n\t<meta name=\"twitter:label2\" content=\"Dur\u00e9e de lecture estim\u00e9e\" \/>\n\t<meta name=\"twitter:data2\" content=\"1 minute\" \/>\n<script type=\"application\/ld+json\" class=\"yoast-schema-graph\">{\"@context\":\"https:\\\/\\\/schema.org\",\"@graph\":[{\"@type\":\"Article\",\"@id\":\"https:\\\/\\\/cirasync.com\\\/fr\\\/articles-dassistance\\\/contact-photo-not-syncing\\\/#article\",\"isPartOf\":{\"@id\":\"https:\\\/\\\/cirasync.com\\\/fr\\\/articles-dassistance\\\/contact-photo-not-syncing\\\/\"},\"author\":{\"name\":\"Ema Zulic\",\"@id\":\"https:\\\/\\\/cirasync.com\\\/fr\\\/#\\\/schema\\\/person\\\/a179dfe101e83de2d1e79161e39e58d0\"},\"headline\":\"Les photos de contact ne se synchronisent pas avec mon t\u00e9l\u00e9phone. Que devrais-je faire?\",\"datePublished\":\"2021-01-01T16:30:06+00:00\",\"dateModified\":\"2026-01-16T19:12:15+00:00\",\"mainEntityOfPage\":{\"@id\":\"https:\\\/\\\/cirasync.com\\\/fr\\\/articles-dassistance\\\/contact-photo-not-syncing\\\/\"},\"wordCount\":114,\"publisher\":{\"@id\":\"https:\\\/\\\/cirasync.com\\\/fr\\\/#organization\"},\"image\":{\"@id\":\"https:\\\/\\\/cirasync.com\\\/fr\\\/articles-dassistance\\\/contact-photo-not-syncing\\\/#primaryimage\"},\"thumbnailUrl\":\"https:\\\/\\\/cirasync.com\\\/wp-content\\\/uploads\\\/2019\\\/08\\\/FAQ-featured-image.png\",\"keywords\":[\"FAQ\"],\"articleSection\":[\"Articles d'assistance\",\"Synchronisation des contacts\"],\"inLanguage\":\"fr-FR\"},{\"@type\":\"WebPage\",\"@id\":\"https:\\\/\\\/cirasync.com\\\/fr\\\/articles-dassistance\\\/contact-photo-not-syncing\\\/\",\"url\":\"https:\\\/\\\/cirasync.com\\\/fr\\\/articles-dassistance\\\/contact-photo-not-syncing\\\/\",\"name\":\"Les Photos de Contact ne Sync Pas avec T\u00e9l\u00e9phone | CiraSync\",\"isPartOf\":{\"@id\":\"https:\\\/\\\/cirasync.com\\\/fr\\\/#website\"},\"primaryImageOfPage\":{\"@id\":\"https:\\\/\\\/cirasync.com\\\/fr\\\/articles-dassistance\\\/contact-photo-not-syncing\\\/#primaryimage\"},\"image\":{\"@id\":\"https:\\\/\\\/cirasync.com\\\/fr\\\/articles-dassistance\\\/contact-photo-not-syncing\\\/#primaryimage\"},\"thumbnailUrl\":\"https:\\\/\\\/cirasync.com\\\/wp-content\\\/uploads\\\/2019\\\/08\\\/FAQ-featured-image.png\",\"datePublished\":\"2021-01-01T16:30:06+00:00\",\"dateModified\":\"2026-01-16T19:12:15+00:00\",\"description\":\"Photo de contact non synchronis\u00e9e : causes fr\u00e9quentes et \u00e9tapes de d\u00e9pannage Cirasync pour corriger la synchro.\",\"breadcrumb\":{\"@id\":\"https:\\\/\\\/cirasync.com\\\/fr\\\/articles-dassistance\\\/contact-photo-not-syncing\\\/#breadcrumb\"},\"inLanguage\":\"fr-FR\",\"potentialAction\":[{\"@type\":\"ReadAction\",\"target\":[\"https:\\\/\\\/cirasync.com\\\/fr\\\/articles-dassistance\\\/contact-photo-not-syncing\\\/\"]}]},{\"@type\":\"ImageObject\",\"inLanguage\":\"fr-FR\",\"@id\":\"https:\\\/\\\/cirasync.com\\\/fr\\\/articles-dassistance\\\/contact-photo-not-syncing\\\/#primaryimage\",\"url\":\"https:\\\/\\\/cirasync.com\\\/wp-content\\\/uploads\\\/2019\\\/08\\\/FAQ-featured-image.png\",\"contentUrl\":\"https:\\\/\\\/cirasync.com\\\/wp-content\\\/uploads\\\/2019\\\/08\\\/FAQ-featured-image.png\",\"width\":1200,\"height\":630,\"caption\":\"FAQ-featured image\"},{\"@type\":\"BreadcrumbList\",\"@id\":\"https:\\\/\\\/cirasync.com\\\/fr\\\/articles-dassistance\\\/contact-photo-not-syncing\\\/#breadcrumb\",\"itemListElement\":[{\"@type\":\"ListItem\",\"position\":1,\"name\":\"Home\",\"item\":\"https:\\\/\\\/cirasync.com\\\/fr\\\/\"},{\"@type\":\"ListItem\",\"position\":2,\"name\":\"Les photos de contact ne se synchronisent pas avec mon t\u00e9l\u00e9phone. Que devrais-je faire?\"}]},{\"@type\":\"WebSite\",\"@id\":\"https:\\\/\\\/cirasync.com\\\/fr\\\/#website\",\"url\":\"https:\\\/\\\/cirasync.com\\\/fr\\\/\",\"name\":\"CiraSync\",\"description\":\"Sync the Office 365 GAL, public folders and calendars to smartphones.\",\"publisher\":{\"@id\":\"https:\\\/\\\/cirasync.com\\\/fr\\\/#organization\"},\"potentialAction\":[{\"@type\":\"SearchAction\",\"target\":{\"@type\":\"EntryPoint\",\"urlTemplate\":\"https:\\\/\\\/cirasync.com\\\/fr\\\/?s={search_term_string}\"},\"query-input\":{\"@type\":\"PropertyValueSpecification\",\"valueRequired\":true,\"valueName\":\"search_term_string\"}}],\"inLanguage\":\"fr-FR\"},{\"@type\":\"Organization\",\"@id\":\"https:\\\/\\\/cirasync.com\\\/fr\\\/#organization\",\"name\":\"CiraSync\",\"url\":\"https:\\\/\\\/cirasync.com\\\/fr\\\/\",\"logo\":{\"@type\":\"ImageObject\",\"inLanguage\":\"fr-FR\",\"@id\":\"https:\\\/\\\/cirasync.com\\\/fr\\\/#\\\/schema\\\/logo\\\/image\\\/\",\"url\":\"https:\\\/\\\/cirasync.com\\\/wp-content\\\/uploads\\\/2019\\\/07\\\/CiraSync-Logo-.png\",\"contentUrl\":\"https:\\\/\\\/cirasync.com\\\/wp-content\\\/uploads\\\/2019\\\/07\\\/CiraSync-Logo-.png\",\"width\":1200,\"height\":671,\"caption\":\"CiraSync\"},\"image\":{\"@id\":\"https:\\\/\\\/cirasync.com\\\/fr\\\/#\\\/schema\\\/logo\\\/image\\\/\"},\"sameAs\":[\"https:\\\/\\\/www.facebook.com\\\/CiraSync\\\/\",\"https:\\\/\\\/x.com\\\/CiraSync\",\"https:\\\/\\\/www.linkedin.com\\\/company\\\/cira-apps-limited\",\"https:\\\/\\\/www.youtube.com\\\/channel\\\/UCdFkOfXlRAWRadzGit3jJZA\\\/videos\"],\"description\":\"CiraSync automatically syncs CRM, contact & calendar data from M365, Exchange & many CRMs to every smartphone.\",\"email\":\"support@cirasync.com\",\"telephone\":\"1 (202) 747 0888\",\"legalName\":\"CiraSync\"},{\"@type\":\"Person\",\"@id\":\"https:\\\/\\\/cirasync.com\\\/fr\\\/#\\\/schema\\\/person\\\/a179dfe101e83de2d1e79161e39e58d0\",\"name\":\"Ema Zulic\",\"image\":{\"@type\":\"ImageObject\",\"inLanguage\":\"fr-FR\",\"@id\":\"https:\\\/\\\/cirasync.com\\\/wp-content\\\/uploads\\\/2026\\\/01\\\/Ema-Zulic.jpg6908e25f5b970f7afc565f7c922b5564\",\"url\":\"https:\\\/\\\/cirasync.com\\\/wp-content\\\/uploads\\\/2026\\\/01\\\/Ema-Zulic.jpg\",\"contentUrl\":\"https:\\\/\\\/cirasync.com\\\/wp-content\\\/uploads\\\/2026\\\/01\\\/Ema-Zulic.jpg\",\"caption\":\"Ema Zulic\"},\"description\":\"Ema Zulic is the Vice President of Product Management and Customer Support at Cira Apps Ltd, where she drives product strategy, customer experience, and global support operations. With over 10 years of SaaS support expertise and more than 20 years of overall customer support leadership, Ema is blending deep technical insight with a passion for building high\u2011performing, customer\u2011centric teams. Her work focuses on delivering intuitive products, refining support processes, and creating seamless experiences for enterprise organizations. Outside of her leadership role, Ema shares practical, real\u2011world guidance to help companies strengthen their support models, improve operational efficiency, and elevate the customer journey.\",\"url\":\"https:\\\/\\\/cirasync.com\\\/fr\\\/author\\\/ema-zulic\\\/\"}]}<\/script>\n<!-- \/ Yoast SEO Premium plugin. -->","yoast_head_json":{"title":"Les Photos de Contact ne Sync Pas avec T\u00e9l\u00e9phone | CiraSync","description":"Photo de contact non synchronis\u00e9e : causes fr\u00e9quentes et \u00e9tapes de d\u00e9pannage Cirasync pour corriger la synchro.","robots":{"index":"index","follow":"follow","max-snippet":"max-snippet:-1","max-image-preview":"max-image-preview:large","max-video-preview":"max-video-preview:-1"},"canonical":"https:\/\/cirasync.com\/fr\/articles-dassistance\/contact-photo-not-syncing\/","og_locale":"fr_FR","og_type":"article","og_title":"Les photos de contact ne se synchronisent pas avec mon t\u00e9l\u00e9phone. Que devrais-je faire?","og_description":"Photo de contact non synchronis\u00e9e : causes fr\u00e9quentes et \u00e9tapes de d\u00e9pannage Cirasync pour corriger la synchro.","og_url":"https:\/\/cirasync.com\/fr\/articles-dassistance\/contact-photo-not-syncing\/","og_site_name":"CiraSync","article_publisher":"https:\/\/www.facebook.com\/CiraSync\/","article_published_time":"2021-01-01T16:30:06+00:00","article_modified_time":"2026-01-16T19:12:15+00:00","og_image":[{"width":1200,"height":630,"url":"https:\/\/cirasync.com\/wp-content\/uploads\/2019\/08\/FAQ-featured-image.png","type":"image\/png"}],"author":"Ema Zulic","twitter_card":"summary_large_image","twitter_creator":"@CiraSync","twitter_site":"@CiraSync","twitter_misc":{"\u00c9crit par":"Ema Zulic","Dur\u00e9e de lecture estim\u00e9e":"1 minute"},"schema":{"@context":"https:\/\/schema.org","@graph":[{"@type":"Article","@id":"https:\/\/cirasync.com\/fr\/articles-dassistance\/contact-photo-not-syncing\/#article","isPartOf":{"@id":"https:\/\/cirasync.com\/fr\/articles-dassistance\/contact-photo-not-syncing\/"},"author":{"name":"Ema Zulic","@id":"https:\/\/cirasync.com\/fr\/#\/schema\/person\/a179dfe101e83de2d1e79161e39e58d0"},"headline":"Les photos de contact ne se synchronisent pas avec mon t\u00e9l\u00e9phone. Que devrais-je faire?","datePublished":"2021-01-01T16:30:06+00:00","dateModified":"2026-01-16T19:12:15+00:00","mainEntityOfPage":{"@id":"https:\/\/cirasync.com\/fr\/articles-dassistance\/contact-photo-not-syncing\/"},"wordCount":114,"publisher":{"@id":"https:\/\/cirasync.com\/fr\/#organization"},"image":{"@id":"https:\/\/cirasync.com\/fr\/articles-dassistance\/contact-photo-not-syncing\/#primaryimage"},"thumbnailUrl":"https:\/\/cirasync.com\/wp-content\/uploads\/2019\/08\/FAQ-featured-image.png","keywords":["FAQ"],"articleSection":["Articles d'assistance","Synchronisation des contacts"],"inLanguage":"fr-FR"},{"@type":"WebPage","@id":"https:\/\/cirasync.com\/fr\/articles-dassistance\/contact-photo-not-syncing\/","url":"https:\/\/cirasync.com\/fr\/articles-dassistance\/contact-photo-not-syncing\/","name":"Les Photos de Contact ne Sync Pas avec T\u00e9l\u00e9phone | CiraSync","isPartOf":{"@id":"https:\/\/cirasync.com\/fr\/#website"},"primaryImageOfPage":{"@id":"https:\/\/cirasync.com\/fr\/articles-dassistance\/contact-photo-not-syncing\/#primaryimage"},"image":{"@id":"https:\/\/cirasync.com\/fr\/articles-dassistance\/contact-photo-not-syncing\/#primaryimage"},"thumbnailUrl":"https:\/\/cirasync.com\/wp-content\/uploads\/2019\/08\/FAQ-featured-image.png","datePublished":"2021-01-01T16:30:06+00:00","dateModified":"2026-01-16T19:12:15+00:00","description":"Photo de contact non synchronis\u00e9e : causes fr\u00e9quentes et \u00e9tapes de d\u00e9pannage Cirasync pour corriger la synchro.","breadcrumb":{"@id":"https:\/\/cirasync.com\/fr\/articles-dassistance\/contact-photo-not-syncing\/#breadcrumb"},"inLanguage":"fr-FR","potentialAction":[{"@type":"ReadAction","target":["https:\/\/cirasync.com\/fr\/articles-dassistance\/contact-photo-not-syncing\/"]}]},{"@type":"ImageObject","inLanguage":"fr-FR","@id":"https:\/\/cirasync.com\/fr\/articles-dassistance\/contact-photo-not-syncing\/#primaryimage","url":"https:\/\/cirasync.com\/wp-content\/uploads\/2019\/08\/FAQ-featured-image.png","contentUrl":"https:\/\/cirasync.com\/wp-content\/uploads\/2019\/08\/FAQ-featured-image.png","width":1200,"height":630,"caption":"FAQ-featured image"},{"@type":"BreadcrumbList","@id":"https:\/\/cirasync.com\/fr\/articles-dassistance\/contact-photo-not-syncing\/#breadcrumb","itemListElement":[{"@type":"ListItem","position":1,"name":"Home","item":"https:\/\/cirasync.com\/fr\/"},{"@type":"ListItem","position":2,"name":"Les photos de contact ne se synchronisent pas avec mon t\u00e9l\u00e9phone. Que devrais-je faire?"}]},{"@type":"WebSite","@id":"https:\/\/cirasync.com\/fr\/#website","url":"https:\/\/cirasync.com\/fr\/","name":"CiraSync","description":"Sync the Office 365 GAL, public folders and calendars to smartphones.","publisher":{"@id":"https:\/\/cirasync.com\/fr\/#organization"},"potentialAction":[{"@type":"SearchAction","target":{"@type":"EntryPoint","urlTemplate":"https:\/\/cirasync.com\/fr\/?s={search_term_string}"},"query-input":{"@type":"PropertyValueSpecification","valueRequired":true,"valueName":"search_term_string"}}],"inLanguage":"fr-FR"},{"@type":"Organization","@id":"https:\/\/cirasync.com\/fr\/#organization","name":"CiraSync","url":"https:\/\/cirasync.com\/fr\/","logo":{"@type":"ImageObject","inLanguage":"fr-FR","@id":"https:\/\/cirasync.com\/fr\/#\/schema\/logo\/image\/","url":"https:\/\/cirasync.com\/wp-content\/uploads\/2019\/07\/CiraSync-Logo-.png","contentUrl":"https:\/\/cirasync.com\/wp-content\/uploads\/2019\/07\/CiraSync-Logo-.png","width":1200,"height":671,"caption":"CiraSync"},"image":{"@id":"https:\/\/cirasync.com\/fr\/#\/schema\/logo\/image\/"},"sameAs":["https:\/\/www.facebook.com\/CiraSync\/","https:\/\/x.com\/CiraSync","https:\/\/www.linkedin.com\/company\/cira-apps-limited","https:\/\/www.youtube.com\/channel\/UCdFkOfXlRAWRadzGit3jJZA\/videos"],"description":"CiraSync automatically syncs CRM, contact & calendar data from M365, Exchange & many CRMs to every smartphone.","email":"support@cirasync.com","telephone":"1 (202) 747 0888","legalName":"CiraSync"},{"@type":"Person","@id":"https:\/\/cirasync.com\/fr\/#\/schema\/person\/a179dfe101e83de2d1e79161e39e58d0","name":"Ema Zulic","image":{"@type":"ImageObject","inLanguage":"fr-FR","@id":"https:\/\/cirasync.com\/wp-content\/uploads\/2026\/01\/Ema-Zulic.jpg6908e25f5b970f7afc565f7c922b5564","url":"https:\/\/cirasync.com\/wp-content\/uploads\/2026\/01\/Ema-Zulic.jpg","contentUrl":"https:\/\/cirasync.com\/wp-content\/uploads\/2026\/01\/Ema-Zulic.jpg","caption":"Ema Zulic"},"description":"Ema Zulic is the Vice President of Product Management and Customer Support at Cira Apps Ltd, where she drives product strategy, customer experience, and global support operations. With over 10 years of SaaS support expertise and more than 20 years of overall customer support leadership, Ema is blending deep technical insight with a passion for building high\u2011performing, customer\u2011centric teams. Her work focuses on delivering intuitive products, refining support processes, and creating seamless experiences for enterprise organizations. Outside of her leadership role, Ema shares practical, real\u2011world guidance to help companies strengthen their support models, improve operational efficiency, and elevate the customer journey.","url":"https:\/\/cirasync.com\/fr\/author\/ema-zulic\/"}]}},"authors":[{"term_id":13546,"user_id":12,"is_guest":0,"slug":"ema-zulic","display_name":"Ema Zulic","avatar_url":{"url":"https:\/\/cirasync.com\/wp-content\/uploads\/2026\/01\/Ema-Zulic.jpg","url2x":"https:\/\/cirasync.com\/wp-content\/uploads\/2026\/01\/Ema-Zulic.jpg"},"0":null,"1":"","2":"","3":"","4":"","5":"","6":"","7":"","8":""}],"_links":{"self":[{"href":"https:\/\/cirasync.com\/fr\/wp-json\/wp\/v2\/posts\/36404","targetHints":{"allow":["GET"]}}],"collection":[{"href":"https:\/\/cirasync.com\/fr\/wp-json\/wp\/v2\/posts"}],"about":[{"href":"https:\/\/cirasync.com\/fr\/wp-json\/wp\/v2\/types\/post"}],"author":[{"embeddable":true,"href":"https:\/\/cirasync.com\/fr\/wp-json\/wp\/v2\/users\/12"}],"replies":[{"embeddable":true,"href":"https:\/\/cirasync.com\/fr\/wp-json\/wp\/v2\/comments?post=36404"}],"version-history":[{"count":0,"href":"https:\/\/cirasync.com\/fr\/wp-json\/wp\/v2\/posts\/36404\/revisions"}],"wp:featuredmedia":[{"embeddable":true,"href":"https:\/\/cirasync.com\/fr\/wp-json\/wp\/v2\/media\/29658"}],"wp:attachment":[{"href":"https:\/\/cirasync.com\/fr\/wp-json\/wp\/v2\/media?parent=36404"}],"wp:term":[{"taxonomy":"category","embeddable":true,"href":"https:\/\/cirasync.com\/fr\/wp-json\/wp\/v2\/categories?post=36404"},{"taxonomy":"post_tag","embeddable":true,"href":"https:\/\/cirasync.com\/fr\/wp-json\/wp\/v2\/tags?post=36404"},{"taxonomy":"author","embeddable":true,"href":"https:\/\/cirasync.com\/fr\/wp-json\/wp\/v2\/ppma_author?post=36404"}],"curies":[{"name":"wp","href":"https:\/\/api.w.org\/{rel}","templated":true}]}}